{"id":10731,"date":"2025-02-04T15:41:01","date_gmt":"2025-02-04T15:41:01","guid":{"rendered":"https:\/\/site.secullum.com.br\/blog\/?p=10731"},"modified":"2025-02-04T15:41:02","modified_gmt":"2025-02-04T15:41:02","slug":"tire-todas-as-suas-duvidas-sobre-a-portaria-671","status":"publish","type":"post","link":"https:\/\/site.secullum.com.br\/blog\/tire-todas-as-suas-duvidas-sobre-a-portaria-671\/","title":{"rendered":"Tire todas as suas d\u00favidas sobre a Portaria 671"},"content":{"rendered":"\n<p>A Portaria 671 regula a legisla\u00e7\u00e3o trabalhista, a inspe\u00e7\u00e3o do trabalho, as pol\u00edticas p\u00fablicas e as rela\u00e7\u00f5es de trabalho. Essa portaria \u00e9 fundamental por penalizar as empresas que n\u00e3o cumprem a legisla\u00e7\u00e3o, ocasionando em processos movidos por funcion\u00e1rios insatisfeitos, como acontece em muitos casos.<\/p>\n\n\n\n<h3 class=\"wp-block-heading\">O que \u00e9 a Portaria 671?<\/h3>\n\n\n\n<p>A Portaria 671 substitui a antiga Portaria 1510 e traz mudan\u00e7as significativas para as rela\u00e7\u00f5es trabalhistas. Ela regula diversas quest\u00f5es, dentre elas, o controle de ponto realizado por meio dos REPs (registradores eletr\u00f4nicos de ponto).<\/p>\n\n\n\n<h3 class=\"wp-block-heading\">Quais mudan\u00e7as a Portaria 671 trouxe para a gest\u00e3o de ponto?<\/h3>\n\n\n\n<p>A portaria introduziu mudan\u00e7as importantes na gest\u00e3o de ponto no Brasil, considerando os novos modelos de trabalho e os avan\u00e7os tecnol\u00f3gicos. Confira as quatro principais mudan\u00e7as:<\/p>\n\n\n\n<h4 class=\"wp-block-heading\">Simplifica\u00e7\u00e3o dos registros de ponto<\/h4>\n\n\n\n<p>A portaria flexibilizou os sistemas de controle de jornada e permitiu o uso de sistemas eletr\u00f4nicos, como aplicativos \u2013 Central do Funcion\u00e1rio \u2013 e softwares \u2013 Ponto Web. Com isso, os empregadores podem adotar solu\u00e7\u00f5es mais pr\u00e1ticas e modernas, substituindo m\u00e9todos manuais. Esse avan\u00e7o tornou o processo mais eficiente, mantendo o controle das horas trabalhadas e atendendo \u00e0s necessidades de empregadores e empregados.<\/p>\n\n\n\n<h4 class=\"wp-block-heading\">Maior liberdade para o home office<\/h4>\n\n\n\n<p>A Portaria 671 adaptou as regras para o trabalho remoto, permitindo que as empresas usem sistemas de ponto que n\u00e3o exigem a presen\u00e7a f\u00edsica do trabalhador no escrit\u00f3rio. Essa mudan\u00e7a oferece mais flexibilidade para quem trabalha de casa. Apesar disto, as empresas devem garantir a precis\u00e3o no registro das horas. Ferramentas como o Secullum Ponto Web tornam isso poss\u00edvel, garantindo a seguran\u00e7a dos dados tanto para funcion\u00e1rios quanto para gestores.<\/p>\n\n\n\n<h4 class=\"wp-block-heading\">Validade das jornadas parciais ou flex\u00edveis<\/h4>\n\n\n\n<p>A portaria tamb\u00e9m regulamentou o registro de jornadas de trabalho flex\u00edveis ou com hor\u00e1rios alternativos. Dessa forma, as empresas podem organizar os expedientes conforme as necessidades dos colaboradores, mantendo, entretanto, o controle da carga hor\u00e1ria. Como resultado, esse formato oferece mais liberdade e efici\u00eancia, desde que as regras sejam rigorosamente cumpridas.<\/p>\n\n\n\n<h3 class=\"wp-block-heading\">Ado\u00e7\u00e3o obrigat\u00f3ria de controle eletr\u00f4nico para algumas empresas<\/h3>\n\n\n\n<p>A portaria tamb\u00e9m tornou obrigat\u00f3rio o uso de sistemas eletr\u00f4nicos para empresas que possuem 20 ou mais empregados. Isso visa uniformizar e modernizar o controle de jornada em empresas de maior porte, garantindo que o registro de ponto seja feito de maneira mais transparente, sem manipula\u00e7\u00f5es e com maior seguran\u00e7a para ambas as partes.<\/p>\n\n\n\n<p>Secullum Ponto Web: a melhor solu\u00e7\u00e3o em ponto eletr\u00f4nico para empresas<\/p>\n\n\n\n<p>A Secullum vem h\u00e1 mais de 25 anos facilitando a rotina de milhares de gestores pelo Brasil, atrav\u00e9s de nossa solu\u00e7\u00e3o de controle de Ponto. Ele \u00e9 100% seguro e flex\u00edvel, ideal para todos os nichos de neg\u00f3cios, disponibilizando informa\u00e7\u00f5es estrat\u00e9gicas para tomada de decis\u00f5es, com op\u00e7\u00f5es tecnol\u00f3gicas que automatizam processos dentro da sua empresa, tornando o controle de jornada cada vez mais pr\u00e1tico para a sua equipe.&nbsp;<\/p>\n\n\n\n<p>Teste e comprove, com o nosso <a href=\"https:\/\/www.secullum.com.br\/arearestrita\/novo-cliente?t=3&amp;r=735&amp;e=oportunidades@secullum.com.br&amp;d=40\">teste gr\u00e1tis de 40 dias.<\/a> Quem testa o Secullum Ponto Web, n\u00e3o cancela.&nbsp;<\/p>\n\n\n\n<p><\/p>\n","protected":false},"excerpt":{"rendered":"<p>A Portaria 671 regula a legisla\u00e7\u00e3o trabalhista, a inspe\u00e7\u00e3o do trabalho, as pol\u00edticas p\u00fablicas e as rela\u00e7\u00f5es de trabalho. Essa portaria \u00e9 fundamental por penalizar as empresas que n\u00e3o cumprem a legisla\u00e7\u00e3o, ocasionando em processos movidos por funcion\u00e1rios insatisfeitos, como acontece em muitos casos. O que \u00e9 a Portaria 671? A Portaria 671 substitui a [&hellip;]<\/p>\n","protected":false},"author":4,"featured_media":10732,"comment_status":"open","ping_status":"open","sticky":false,"template":"","format":"standard","meta":{"footnotes":""},"categories":[6],"tags":[264,267,266],"class_list":["post-10731","post","type-post","status-publish","format-standard","has-post-thumbnail","hentry","category-rh-e-gestao-de-ponto","tag-empresas","tag-legislacao-trabalhista","tag-portaria-671"],"yoast_head":"<!-- This site is optimized with the Yoast SEO plugin v24.7 - https:\/\/yoast.com\/wordpress\/plugins\/seo\/ -->\n<title>Tire todas as suas d\u00favidas sobre a Portaria 671 - Blog Secullum<\/title>\n<meta name=\"description\" content=\"A portaria 671 \u00e9 a mais nova legisla\u00e7\u00e3o que tange pol\u00edticas de trabalho melhores. Saiba tudo sobre ela e o que muda com sua implementa\u00e7\u00e3o.\" \/>\n<meta name=\"robots\" content=\"index, follow, max-snippet:-1, max-image-preview:large, max-video-preview:-1\" \/>\n<link rel=\"canonical\" href=\"https:\/\/site.secullum.com.br\/blog\/tire-todas-as-suas-duvidas-sobre-a-portaria-671\/\" \/>\n<meta property=\"og:locale\" content=\"pt_BR\" \/>\n<meta property=\"og:type\" content=\"article\" \/>\n<meta property=\"og:title\" content=\"Tire todas as suas d\u00favidas sobre a Portaria 671 - Blog Secullum\" \/>\n<meta property=\"og:description\" content=\"A portaria 671 \u00e9 a mais nova legisla\u00e7\u00e3o que tange pol\u00edticas de trabalho melhores. Saiba tudo sobre ela e o que muda com sua implementa\u00e7\u00e3o.\" \/>\n<meta property=\"og:url\" content=\"https:\/\/site.secullum.com.br\/blog\/tire-todas-as-suas-duvidas-sobre-a-portaria-671\/\" \/>\n<meta property=\"og:site_name\" content=\"Blog Secullum\" \/>\n<meta property=\"article:published_time\" content=\"2025-02-04T15:41:01-03:00\" \/>\n<meta property=\"article:modified_time\" content=\"2025-02-04T15:41:02-03:00\" \/>\n<meta property=\"og:image\" content=\"https:\/\/site.secullum.com.br\/blog\/wp-content\/uploads\/2025\/01\/Portaria-671.png\" \/>\n\t<meta property=\"og:image:width\" content=\"1080\" \/>\n\t<meta property=\"og:image:height\" content=\"1080\" \/>\n\t<meta property=\"og:image:type\" content=\"image\/png\" \/>\n<meta name=\"author\" content=\"marketing@secullum.com.br\" \/>\n<meta name=\"twitter:card\" content=\"summary_large_image\" \/>\n<meta name=\"twitter:label1\" content=\"Escrito por\" \/>\n\t<meta name=\"twitter:data1\" content=\"marketing@secullum.com.br\" \/>\n\t<meta name=\"twitter:label2\" content=\"Est. tempo de leitura\" \/>\n\t<meta name=\"twitter:data2\" content=\"3 minutos\" \/>\n<script type=\"application\/ld+json\" class=\"yoast-schema-graph\">{\"@context\":\"https:\/\/schema.org\",\"@graph\":[{\"@type\":\"WebPage\",\"@id\":\"https:\/\/site.secullum.com.br\/blog\/tire-todas-as-suas-duvidas-sobre-a-portaria-671\/\",\"url\":\"https:\/\/site.secullum.com.br\/blog\/tire-todas-as-suas-duvidas-sobre-a-portaria-671\/\",\"name\":\"Tire todas as suas d\u00favidas sobre a Portaria 671 - Blog Secullum\",\"isPartOf\":{\"@id\":\"https:\/\/site.secullum.com.br\/blog\/#website\"},\"primaryImageOfPage\":{\"@id\":\"https:\/\/site.secullum.com.br\/blog\/tire-todas-as-suas-duvidas-sobre-a-portaria-671\/#primaryimage\"},\"image\":{\"@id\":\"https:\/\/site.secullum.com.br\/blog\/tire-todas-as-suas-duvidas-sobre-a-portaria-671\/#primaryimage\"},\"thumbnailUrl\":\"https:\/\/site.secullum.com.br\/blog\/wp-content\/uploads\/2025\/01\/Portaria-671.png\",\"datePublished\":\"2025-02-04T15:41:01-03:00\",\"dateModified\":\"2025-02-04T15:41:02-03:00\",\"author\":{\"@id\":\"https:\/\/site.secullum.com.br\/blog\/#\/schema\/person\/8325598a7d34f16b8e1a2ba20b9f6146\"},\"description\":\"A portaria 671 \u00e9 a mais nova legisla\u00e7\u00e3o que tange pol\u00edticas de trabalho melhores. Saiba tudo sobre ela e o que muda com sua implementa\u00e7\u00e3o.\",\"breadcrumb\":{\"@id\":\"https:\/\/site.secullum.com.br\/blog\/tire-todas-as-suas-duvidas-sobre-a-portaria-671\/#breadcrumb\"},\"inLanguage\":\"pt-BR\",\"potentialAction\":[{\"@type\":\"ReadAction\",\"target\":[\"https:\/\/site.secullum.com.br\/blog\/tire-todas-as-suas-duvidas-sobre-a-portaria-671\/\"]}]},{\"@type\":\"ImageObject\",\"inLanguage\":\"pt-BR\",\"@id\":\"https:\/\/site.secullum.com.br\/blog\/tire-todas-as-suas-duvidas-sobre-a-portaria-671\/#primaryimage\",\"url\":\"https:\/\/site.secullum.com.br\/blog\/wp-content\/uploads\/2025\/01\/Portaria-671.png\",\"contentUrl\":\"https:\/\/site.secullum.com.br\/blog\/wp-content\/uploads\/2025\/01\/Portaria-671.png\",\"width\":1080,\"height\":1080},{\"@type\":\"BreadcrumbList\",\"@id\":\"https:\/\/site.secullum.com.br\/blog\/tire-todas-as-suas-duvidas-sobre-a-portaria-671\/#breadcrumb\",\"itemListElement\":[{\"@type\":\"ListItem\",\"position\":1,\"name\":\"In\u00edcio\",\"item\":\"https:\/\/site.secullum.com.br\/blog\/\"},{\"@type\":\"ListItem\",\"position\":2,\"name\":\"Tire todas as suas d\u00favidas sobre a Portaria 671\"}]},{\"@type\":\"WebSite\",\"@id\":\"https:\/\/site.secullum.com.br\/blog\/#website\",\"url\":\"https:\/\/site.secullum.com.br\/blog\/\",\"name\":\"Blog Secullum\",\"description\":\"\",\"potentialAction\":[{\"@type\":\"SearchAction\",\"target\":{\"@type\":\"EntryPoint\",\"urlTemplate\":\"https:\/\/site.secullum.com.br\/blog\/?s={search_term_string}\"},\"query-input\":{\"@type\":\"PropertyValueSpecification\",\"valueRequired\":true,\"valueName\":\"search_term_string\"}}],\"inLanguage\":\"pt-BR\"},{\"@type\":\"Person\",\"@id\":\"https:\/\/site.secullum.com.br\/blog\/#\/schema\/person\/8325598a7d34f16b8e1a2ba20b9f6146\",\"name\":\"marketing@secullum.com.br\",\"image\":{\"@type\":\"ImageObject\",\"inLanguage\":\"pt-BR\",\"@id\":\"https:\/\/site.secullum.com.br\/blog\/#\/schema\/person\/image\/\",\"url\":\"https:\/\/secure.gravatar.com\/avatar\/0d7cef7112d641b8cd0c4890ee15a3f93e034728e626d6726e401b83c3f64378?s=96&d=mm&r=g\",\"contentUrl\":\"https:\/\/secure.gravatar.com\/avatar\/0d7cef7112d641b8cd0c4890ee15a3f93e034728e626d6726e401b83c3f64378?s=96&d=mm&r=g\",\"caption\":\"marketing@secullum.com.br\"},\"url\":\"https:\/\/site.secullum.com.br\/blog\/author\/marketingsecullum-com-br\/\"}]}<\/script>\n<!-- \/ Yoast SEO plugin. -->","yoast_head_json":{"title":"Tire todas as suas d\u00favidas sobre a Portaria 671 - Blog Secullum","description":"A portaria 671 \u00e9 a mais nova legisla\u00e7\u00e3o que tange pol\u00edticas de trabalho melhores. Saiba tudo sobre ela e o que muda com sua implementa\u00e7\u00e3o.","robots":{"index":"index","follow":"follow","max-snippet":"max-snippet:-1","max-image-preview":"max-image-preview:large","max-video-preview":"max-video-preview:-1"},"canonical":"https:\/\/site.secullum.com.br\/blog\/tire-todas-as-suas-duvidas-sobre-a-portaria-671\/","og_locale":"pt_BR","og_type":"article","og_title":"Tire todas as suas d\u00favidas sobre a Portaria 671 - Blog Secullum","og_description":"A portaria 671 \u00e9 a mais nova legisla\u00e7\u00e3o que tange pol\u00edticas de trabalho melhores. Saiba tudo sobre ela e o que muda com sua implementa\u00e7\u00e3o.","og_url":"https:\/\/site.secullum.com.br\/blog\/tire-todas-as-suas-duvidas-sobre-a-portaria-671\/","og_site_name":"Blog Secullum","article_published_time":"2025-02-04T15:41:01-03:00","article_modified_time":"2025-02-04T15:41:02-03:00","og_image":[{"width":1080,"height":1080,"url":"https:\/\/site.secullum.com.br\/blog\/wp-content\/uploads\/2025\/01\/Portaria-671.png","type":"image\/png"}],"author":"marketing@secullum.com.br","twitter_card":"summary_large_image","twitter_misc":{"Escrito por":"marketing@secullum.com.br","Est. tempo de leitura":"3 minutos"},"schema":{"@context":"https:\/\/schema.org","@graph":[{"@type":"WebPage","@id":"https:\/\/site.secullum.com.br\/blog\/tire-todas-as-suas-duvidas-sobre-a-portaria-671\/","url":"https:\/\/site.secullum.com.br\/blog\/tire-todas-as-suas-duvidas-sobre-a-portaria-671\/","name":"Tire todas as suas d\u00favidas sobre a Portaria 671 - Blog Secullum","isPartOf":{"@id":"https:\/\/site.secullum.com.br\/blog\/#website"},"primaryImageOfPage":{"@id":"https:\/\/site.secullum.com.br\/blog\/tire-todas-as-suas-duvidas-sobre-a-portaria-671\/#primaryimage"},"image":{"@id":"https:\/\/site.secullum.com.br\/blog\/tire-todas-as-suas-duvidas-sobre-a-portaria-671\/#primaryimage"},"thumbnailUrl":"https:\/\/site.secullum.com.br\/blog\/wp-content\/uploads\/2025\/01\/Portaria-671.png","datePublished":"2025-02-04T15:41:01-03:00","dateModified":"2025-02-04T15:41:02-03:00","author":{"@id":"https:\/\/site.secullum.com.br\/blog\/#\/schema\/person\/8325598a7d34f16b8e1a2ba20b9f6146"},"description":"A portaria 671 \u00e9 a mais nova legisla\u00e7\u00e3o que tange pol\u00edticas de trabalho melhores. Saiba tudo sobre ela e o que muda com sua implementa\u00e7\u00e3o.","breadcrumb":{"@id":"https:\/\/site.secullum.com.br\/blog\/tire-todas-as-suas-duvidas-sobre-a-portaria-671\/#breadcrumb"},"inLanguage":"pt-BR","potentialAction":[{"@type":"ReadAction","target":["https:\/\/site.secullum.com.br\/blog\/tire-todas-as-suas-duvidas-sobre-a-portaria-671\/"]}]},{"@type":"ImageObject","inLanguage":"pt-BR","@id":"https:\/\/site.secullum.com.br\/blog\/tire-todas-as-suas-duvidas-sobre-a-portaria-671\/#primaryimage","url":"https:\/\/site.secullum.com.br\/blog\/wp-content\/uploads\/2025\/01\/Portaria-671.png","contentUrl":"https:\/\/site.secullum.com.br\/blog\/wp-content\/uploads\/2025\/01\/Portaria-671.png","width":1080,"height":1080},{"@type":"BreadcrumbList","@id":"https:\/\/site.secullum.com.br\/blog\/tire-todas-as-suas-duvidas-sobre-a-portaria-671\/#breadcrumb","itemListElement":[{"@type":"ListItem","position":1,"name":"In\u00edcio","item":"https:\/\/site.secullum.com.br\/blog\/"},{"@type":"ListItem","position":2,"name":"Tire todas as suas d\u00favidas sobre a Portaria 671"}]},{"@type":"WebSite","@id":"https:\/\/site.secullum.com.br\/blog\/#website","url":"https:\/\/site.secullum.com.br\/blog\/","name":"Blog Secullum","description":"","potentialAction":[{"@type":"SearchAction","target":{"@type":"EntryPoint","urlTemplate":"https:\/\/site.secullum.com.br\/blog\/?s={search_term_string}"},"query-input":{"@type":"PropertyValueSpecification","valueRequired":true,"valueName":"search_term_string"}}],"inLanguage":"pt-BR"},{"@type":"Person","@id":"https:\/\/site.secullum.com.br\/blog\/#\/schema\/person\/8325598a7d34f16b8e1a2ba20b9f6146","name":"marketing@secullum.com.br","image":{"@type":"ImageObject","inLanguage":"pt-BR","@id":"https:\/\/site.secullum.com.br\/blog\/#\/schema\/person\/image\/","url":"https:\/\/secure.gravatar.com\/avatar\/0d7cef7112d641b8cd0c4890ee15a3f93e034728e626d6726e401b83c3f64378?s=96&d=mm&r=g","contentUrl":"https:\/\/secure.gravatar.com\/avatar\/0d7cef7112d641b8cd0c4890ee15a3f93e034728e626d6726e401b83c3f64378?s=96&d=mm&r=g","caption":"marketing@secullum.com.br"},"url":"https:\/\/site.secullum.com.br\/blog\/author\/marketingsecullum-com-br\/"}]}},"_links":{"self":[{"href":"https:\/\/site.secullum.com.br\/blog\/wp-json\/wp\/v2\/posts\/10731","targetHints":{"allow":["GET"]}}],"collection":[{"href":"https:\/\/site.secullum.com.br\/blog\/wp-json\/wp\/v2\/posts"}],"about":[{"href":"https:\/\/site.secullum.com.br\/blog\/wp-json\/wp\/v2\/types\/post"}],"author":[{"embeddable":true,"href":"https:\/\/site.secullum.com.br\/blog\/wp-json\/wp\/v2\/users\/4"}],"replies":[{"embeddable":true,"href":"https:\/\/site.secullum.com.br\/blog\/wp-json\/wp\/v2\/comments?post=10731"}],"version-history":[{"count":3,"href":"https:\/\/site.secullum.com.br\/blog\/wp-json\/wp\/v2\/posts\/10731\/revisions"}],"predecessor-version":[{"id":10740,"href":"https:\/\/site.secullum.com.br\/blog\/wp-json\/wp\/v2\/posts\/10731\/revisions\/10740"}],"wp:featuredmedia":[{"embeddable":true,"href":"https:\/\/site.secullum.com.br\/blog\/wp-json\/wp\/v2\/media\/10732"}],"wp:attachment":[{"href":"https:\/\/site.secullum.com.br\/blog\/wp-json\/wp\/v2\/media?parent=10731"}],"wp:term":[{"taxonomy":"category","embeddable":true,"href":"https:\/\/site.secullum.com.br\/blog\/wp-json\/wp\/v2\/categories?post=10731"},{"taxonomy":"post_tag","embeddable":true,"href":"https:\/\/site.secullum.com.br\/blog\/wp-json\/wp\/v2\/tags?post=10731"}],"curies":[{"name":"wp","href":"https:\/\/api.w.org\/{rel}","templated":true}]}}