{"id":10438,"date":"2024-04-18T08:40:34","date_gmt":"2024-04-18T08:40:34","guid":{"rendered":"https:\/\/site.secullum.com.br\/blog\/?p=10438"},"modified":"2024-05-21T10:17:25","modified_gmt":"2024-05-21T10:17:25","slug":"a-importancia-da-diversidade-geracional-no-ambiente-corporativo","status":"publish","type":"post","link":"https:\/\/site.secullum.com.br\/blog\/a-importancia-da-diversidade-geracional-no-ambiente-corporativo\/","title":{"rendered":"A import\u00e2ncia da diversidade geracional no ambiente corporativo"},"content":{"rendered":"\n<p>Ao caminhar pelas ruas, ir ao cinema, ao supermercado, ou fazendo qualquer atividade cotidiana, voc\u00ea com certeza j\u00e1 percebeu que os idosos est\u00e3o presentes em todos estes ambientes. Assim como na academia ou nas universidades, encontrar pessoas acima dos 60 anos dentro das corpora\u00e7\u00f5es, \u00e9 uma realidade atual e que traz muitos benef\u00edcios para a empresa.<\/p>\n\n\n\n<p>Pode-se dizer com certeza, que esta \u00e9 a primeira vez que quatro gera\u00e7\u00f5es est\u00e3o trabalhando ativamente dentro das corpora\u00e7\u00f5es, e muitos fatores se devem a isso. Um deles est\u00e1 diretamente relacionado ao aumento da expectativa de vida. Se na d\u00e9cada de 40 ela era de 40 anos, hoje no Brasil ela j\u00e1 \u00e9 o dobro, chegando aos 80 no caso das mulheres.<\/p>\n\n\n\n<p>De acordo com os dados mais recentes do Instituto Brasileiro de Geografia e Estat\u00edstica (IBGE), 31,2 milh\u00f5es de pessoas, que correspondem a 14,7% da popula\u00e7\u00e3o, j\u00e1 t\u00eam mais de 60 anos, um crescimento de 39,8%, entre 2012 e 2021. Estima-se que em 2060, o percentual de idosos acima de 65 anos de idade no Pa\u00eds ultrapasse os 25%. Al\u00e9m do aumento da expectativa de vida, dados do Instituto de Pesquisa Econ\u00f4mica Aplicada (IPEA), mostram que a taxa de natalidade vem caindo, de 6 filhos por mulher na d\u00e9cada de 60, para 1,65 em 2020. Estes dados comprovam a tese de que a popula\u00e7\u00e3o Brasileira est\u00e1 envelhecendo pouco a pouco, mudando a realidade vista at\u00e9 ent\u00e3o, de pessoas que se aposentavam mais cedo e de um mercado de trabalho dominado pela popula\u00e7\u00e3o mais jovem.<\/p>\n\n\n\n<p><strong>Quais s\u00e3o essas gera\u00e7\u00f5es?<\/strong><br>Para entendermos quais os desafios ser\u00e3o enfrentados agora, temos ao menos 4 gera\u00e7\u00f5es trabalhando em conjunto. S\u00e3o elas as gera\u00e7\u00f5es Z (nascidos a partir do fim dos anos 1990), Y (nascidos entre 1981 e meados da d\u00e9cada de 1990), X (nascidos entre 1960 e 1980) e os baby boomers (nascidos entre 1946 e 1964). Essa diversidade geracional \u00e9 muito positiva para o ambiente corporativo. Mas \u00e9 preciso saber lidar com isso.<\/p>\n\n\n\n<p>Ainda que exista este aumento de tend\u00eancia da popula\u00e7\u00e3o, dados do Great Place to Work mostram que apenas 4% dessa gera\u00e7\u00e3o mais velha est\u00e1 de fato no mercado de trabalho, acendendo um alerta para o etarismo e a dificuldade de associar esta importante parcela da popula\u00e7\u00e3o a produtividade e ao conhecimento t\u00e9cnico e tecnol\u00f3gico.<\/p>\n\n\n\n<p><strong>A import\u00e2ncia e os desafios<\/strong><br>Um ambiente com diversidade geracional \u00e9 capaz de gerar trocas, conhecimento e trazer diferentes pontos de vista sob o aspecto da viv\u00eancia de cada um, enriquecendo o trabalho e a produtividade de todo o time. Mas apesar dos benef\u00edcios, \u00e9 claro que ela tamb\u00e9m pode apresentar desafios. Conflitos de comunica\u00e7\u00e3o, diferen\u00e7as de estilo de trabalho e estere\u00f3tipos relacionados \u00e0 idade s\u00e3o apenas algumas das quest\u00f5es que as empresas precisam enfrentar ao lidar com diferentes gera\u00e7\u00f5es no local de trabalho.<\/p>\n\n\n\n<p>Para superar esses desafios, diversas estrat\u00e9gias podem ser adotadas pelas empresas a fim de minimizar problemas e trazer uma maior integra\u00e7\u00e3o entre os colaboradores como programas de treinamento em diversidade, mentoria reversa e pol\u00edticas de flexibilidade no local de trabalho, s\u00e3o algumas das abordagens que podem promover a colabora\u00e7\u00e3o e a compreens\u00e3o entre as diferentes gera\u00e7\u00f5es.<\/p>\n\n\n\n<p><strong>Benef\u00edcios<\/strong><br>Ao promover a diversidade geracional, as empresas podem colher uma s\u00e9rie de benef\u00edcios. Desde uma maior criatividade e inova\u00e7\u00e3o, at\u00e9 uma melhor reten\u00e7\u00e3o de talentos independentemente da idade ou background. Atrav\u00e9s de uma reputa\u00e7\u00e3o aprimorada da marca, as organiza\u00e7\u00f5es que valorizam e promovem a diversidade geracional tendem a ter um desempenho superior no mercado, criando um ambiente de trabalho inclusivo e equitativo. Sobretudo quando falamos sobre a realidade atual, uma equipe diversa \u00e9 capaz de enxergar com maior senso cr\u00edtico as quest\u00f5es que acontecem hoje no mundo, trazendo mais compreens\u00e3o das necessidades dos seus clientes ou do p\u00fablico-alvo com o qual trabalham.<\/p>\n\n\n\n<p><strong>A import\u00e2ncia da cultura organizacional<\/strong><br>Uma das chaves para promover a diversidade geracional \u00e9 fomentar a colabora\u00e7\u00e3o entre as diferentes gera\u00e7\u00f5es, de acordo com a cultura organizacional da empresa. Este conjunto de normas, valores e expectativas de uma corpora\u00e7\u00e3o, precisam estar intr\u00ednsecos ao processo de trabalho das equipes, com o objetivo de fortalecer o grupo, sob a \u00f3tica do neg\u00f3cio. Isso pode ser feito atrav\u00e9s de iniciativas como mentorias reversas, onde os colaboradores mais jovens compartilham seus conhecimentos sobre tecnologia e tend\u00eancias atuais com os mais experientes, enquanto estes \u00faltimos compartilham sua experi\u00eancia e sabedoria acumulada ao longo dos anos. Al\u00e9m disso, programas de trabalho em equipe e projetos colaborativos podem ajudar a quebrar as barreiras intergeracionais e promover uma cultura de coopera\u00e7\u00e3o e aprendizado m\u00fatuo.<\/p>\n\n\n\n<p><strong>Estrat\u00e9gias para Gerenciar a Diversidade Geracional<\/strong><br>Para superar esses desafios, as empresas precisam adotar uma abordagem proativa de gerenciamento da diversidade geracional. Isso inclui programas de treinamento em diversidade, que ajudam os colaboradores a entender e apreciar as diferen\u00e7as entre as gera\u00e7\u00f5es, bem como a desenvolver habilidades de comunica\u00e7\u00e3o eficazes para colaborar de forma mais harmoniosa. Al\u00e9m disso, a implementa\u00e7\u00e3o de pol\u00edticas de flexibilidade no local de trabalho pode acomodar os diferentes estilos de trabalho e prefer\u00eancias das diferentes gera\u00e7\u00f5es, promovendo um ambiente de trabalho mais inclusivo e equilibrado.<\/p>\n\n\n\n<p><strong>Como promover uma comunica\u00e7\u00e3o inclusiva<\/strong><br>Desenvolver um plano de comunica\u00e7\u00e3o que busque contemplar a diversidade geracional na empresa \u00e9 fundamental para garantir que todas as gera\u00e7\u00f5es se sintam representadas, inclu\u00eddas e engajadas.<br>Pesquisa e an\u00e1lise: antes de desenvolver o plano, \u00e9 importante conduzir uma pesquisa para entender as caracter\u00edsticas, prefer\u00eancias e necessidades de comunica\u00e7\u00e3o de cada gera\u00e7\u00e3o na empresa. Isso pode incluir entrevistas ou pesquisas de opini\u00e3o para obter insights valiosos.<\/p>\n\n\n\n<p><strong>Canais de comunica\u00e7\u00e3o:<\/strong> com base nos insights coletados e na segmenta\u00e7\u00e3o dos diferentes p\u00fablicos, \u00e9 poss\u00edvel utilizar uma variedade de canais de comunica\u00e7\u00e3o para alcan\u00e7ar todas as gera\u00e7\u00f5es da empresa. Isso pode incluir e-mails, intranet, redes sociais corporativas, boletins informativos impressos, reuni\u00f5es presenciais e at\u00e9 mesmo aplicativos de mensagens instant\u00e2neas, garantindo que cada grupo tenha acesso \u00e0s informa\u00e7\u00f5es de maneira adequada.<\/p>\n\n\n\n<p><strong>Conte\u00fado diversificado:<\/strong> crie conte\u00fado diversificado que fale com cada gera\u00e7\u00e3o. Isso pode incluir hist\u00f3rias de sucesso de funcion\u00e1rios de diferentes idades, artigos sobre temas relevantes para cada grupo e eventos ou iniciativas que tenham apelo universal.<\/p>\n\n\n\n<p><strong>Treinamento em comunica\u00e7\u00e3o:<\/strong> ofere\u00e7a treinamento em comunica\u00e7\u00e3o intercultural para todos os funcion\u00e1rios, destacando a import\u00e2ncia da diversidade geracional e fornecendo orienta\u00e7\u00f5es sobre como comunicar de maneira eficaz com colegas de diferentes idades.<br>Incentivo \u00e0 participa\u00e7\u00e3o: incentive a participa\u00e7\u00e3o de todos os funcion\u00e1rios em atividades de comunica\u00e7\u00e3o, como sess\u00f5es de brainstorming, grupos de discuss\u00e3o e f\u00f3runs online. Isso permite que as vozes de todas as gera\u00e7\u00f5es sejam ouvidas e contribuam para o desenvolvimento de uma cultura de comunica\u00e7\u00e3o inclusiva.<\/p>\n\n\n\n<p><strong>Feedback e avalia\u00e7\u00e3o cont\u00ednua:<\/strong> estabele\u00e7a um sistema de feedback e avalia\u00e7\u00e3o cont\u00ednua para monitorar a efic\u00e1cia do plano de comunica\u00e7\u00e3o e realizar ajustes conforme necess\u00e1rio. Isso pode incluir pesquisas de satisfa\u00e7\u00e3o e an\u00e1lise de m\u00e9tricas de engajamento. Lideran\u00e7a exemplar: envolva l\u00edderes e gestores em todo o processo de comunica\u00e7\u00e3o e incentive-os a servirem como modelos de comportamento inclusivo e respeitoso em suas pr\u00f3prias intera\u00e7\u00f5es com os funcion\u00e1rios.<\/p>\n\n\n\n<p><strong>Plano de carreira<\/strong><br>Um plano de carreira claro e bem definido oferece transpar\u00eancia sobre as oportunidades de crescimento e desenvolvimento dentro da empresa. Isso ajuda a garantir que todos os funcion\u00e1rios, independentemente da idade ou gera\u00e7\u00e3o, tenham acesso igual \u00e0s mesmas oportunidades de avan\u00e7o na carreira. Em um mundo cada vez mais diversificado e globalizado, a diversidade geracional se torna n\u00e3o apenas uma vantagem, mas uma necessidade para as empresas que desejam prosperar. Ao promover a colabora\u00e7\u00e3o, a inova\u00e7\u00e3o e a inclus\u00e3o entre as diferentes gera\u00e7\u00f5es, as organiza\u00e7\u00f5es podem criar um ambiente de trabalho din\u00e2mico e estimulante, onde todos os colaboradores se sintam valorizados e respeitados. Com uma abordagem estrat\u00e9gica e proativa, as empresas podem transformar a diversidade geracional em uma fonte de vantagem competitiva e sucesso a longo prazo.<\/p>\n","protected":false},"excerpt":{"rendered":"<p>Ao caminhar pelas ruas, ir ao cinema, ao supermercado, ou fazendo qualquer atividade cotidiana, voc\u00ea com certeza j\u00e1 percebeu que os idosos est\u00e3o presentes em todos estes ambientes. Assim como na academia ou nas universidades, encontrar pessoas acima dos 60 anos dentro das corpora\u00e7\u00f5es, \u00e9 uma realidade atual e que traz muitos benef\u00edcios para a [&hellip;]<\/p>\n","protected":false},"author":4,"featured_media":10439,"comment_status":"open","ping_status":"open","sticky":false,"template":"","format":"standard","meta":{"footnotes":""},"categories":[6],"tags":[],"class_list":["post-10438","post","type-post","status-publish","format-standard","has-post-thumbnail","hentry","category-rh-e-gestao-de-ponto"],"yoast_head":"<!-- This site is optimized with the Yoast SEO plugin v24.7 - https:\/\/yoast.com\/wordpress\/plugins\/seo\/ -->\n<title>A import\u00e2ncia da diversidade geracional no ambiente corporativo - Blog Secullum<\/title>\n<meta name=\"robots\" content=\"index, follow, max-snippet:-1, max-image-preview:large, max-video-preview:-1\" \/>\n<link rel=\"canonical\" href=\"https:\/\/site.secullum.com.br\/blog\/a-importancia-da-diversidade-geracional-no-ambiente-corporativo\/\" \/>\n<meta property=\"og:locale\" content=\"pt_BR\" \/>\n<meta property=\"og:type\" content=\"article\" \/>\n<meta property=\"og:title\" content=\"A import\u00e2ncia da diversidade geracional no ambiente corporativo - Blog Secullum\" \/>\n<meta property=\"og:description\" content=\"Ao caminhar pelas ruas, ir ao cinema, ao supermercado, ou fazendo qualquer atividade cotidiana, voc\u00ea com certeza j\u00e1 percebeu que os idosos est\u00e3o presentes em todos estes ambientes. Assim como na academia ou nas universidades, encontrar pessoas acima dos 60 anos dentro das corpora\u00e7\u00f5es, \u00e9 uma realidade atual e que traz muitos benef\u00edcios para a [&hellip;]\" \/>\n<meta property=\"og:url\" content=\"https:\/\/site.secullum.com.br\/blog\/a-importancia-da-diversidade-geracional-no-ambiente-corporativo\/\" \/>\n<meta property=\"og:site_name\" content=\"Blog Secullum\" \/>\n<meta property=\"article:published_time\" content=\"2024-04-18T08:40:34-03:00\" \/>\n<meta property=\"article:modified_time\" content=\"2024-05-21T10:17:25-03:00\" \/>\n<meta property=\"og:image\" content=\"https:\/\/site.secullum.com.br\/blog\/wp-content\/uploads\/2024\/04\/capa_geracoes.png\" \/>\n\t<meta property=\"og:image:width\" content=\"1080\" \/>\n\t<meta property=\"og:image:height\" content=\"1080\" \/>\n\t<meta property=\"og:image:type\" content=\"image\/png\" \/>\n<meta name=\"author\" content=\"marketing@secullum.com.br\" \/>\n<meta name=\"twitter:card\" content=\"summary_large_image\" \/>\n<meta name=\"twitter:label1\" content=\"Escrito por\" \/>\n\t<meta name=\"twitter:data1\" content=\"marketing@secullum.com.br\" \/>\n\t<meta name=\"twitter:label2\" content=\"Est. tempo de leitura\" \/>\n\t<meta name=\"twitter:data2\" content=\"8 minutos\" \/>\n<script type=\"application\/ld+json\" class=\"yoast-schema-graph\">{\"@context\":\"https:\/\/schema.org\",\"@graph\":[{\"@type\":\"WebPage\",\"@id\":\"https:\/\/site.secullum.com.br\/blog\/a-importancia-da-diversidade-geracional-no-ambiente-corporativo\/\",\"url\":\"https:\/\/site.secullum.com.br\/blog\/a-importancia-da-diversidade-geracional-no-ambiente-corporativo\/\",\"name\":\"A import\u00e2ncia da diversidade geracional no ambiente corporativo - Blog Secullum\",\"isPartOf\":{\"@id\":\"https:\/\/site.secullum.com.br\/blog\/#website\"},\"primaryImageOfPage\":{\"@id\":\"https:\/\/site.secullum.com.br\/blog\/a-importancia-da-diversidade-geracional-no-ambiente-corporativo\/#primaryimage\"},\"image\":{\"@id\":\"https:\/\/site.secullum.com.br\/blog\/a-importancia-da-diversidade-geracional-no-ambiente-corporativo\/#primaryimage\"},\"thumbnailUrl\":\"https:\/\/site.secullum.com.br\/blog\/wp-content\/uploads\/2024\/04\/capa_geracoes.png\",\"datePublished\":\"2024-04-18T08:40:34-03:00\",\"dateModified\":\"2024-05-21T10:17:25-03:00\",\"author\":{\"@id\":\"https:\/\/site.secullum.com.br\/blog\/#\/schema\/person\/8325598a7d34f16b8e1a2ba20b9f6146\"},\"breadcrumb\":{\"@id\":\"https:\/\/site.secullum.com.br\/blog\/a-importancia-da-diversidade-geracional-no-ambiente-corporativo\/#breadcrumb\"},\"inLanguage\":\"pt-BR\",\"potentialAction\":[{\"@type\":\"ReadAction\",\"target\":[\"https:\/\/site.secullum.com.br\/blog\/a-importancia-da-diversidade-geracional-no-ambiente-corporativo\/\"]}]},{\"@type\":\"ImageObject\",\"inLanguage\":\"pt-BR\",\"@id\":\"https:\/\/site.secullum.com.br\/blog\/a-importancia-da-diversidade-geracional-no-ambiente-corporativo\/#primaryimage\",\"url\":\"https:\/\/site.secullum.com.br\/blog\/wp-content\/uploads\/2024\/04\/capa_geracoes.png\",\"contentUrl\":\"https:\/\/site.secullum.com.br\/blog\/wp-content\/uploads\/2024\/04\/capa_geracoes.png\",\"width\":1080,\"height\":1080},{\"@type\":\"BreadcrumbList\",\"@id\":\"https:\/\/site.secullum.com.br\/blog\/a-importancia-da-diversidade-geracional-no-ambiente-corporativo\/#breadcrumb\",\"itemListElement\":[{\"@type\":\"ListItem\",\"position\":1,\"name\":\"In\u00edcio\",\"item\":\"https:\/\/site.secullum.com.br\/blog\/\"},{\"@type\":\"ListItem\",\"position\":2,\"name\":\"A import\u00e2ncia da diversidade geracional no ambiente corporativo\"}]},{\"@type\":\"WebSite\",\"@id\":\"https:\/\/site.secullum.com.br\/blog\/#website\",\"url\":\"https:\/\/site.secullum.com.br\/blog\/\",\"name\":\"Blog Secullum\",\"description\":\"\",\"potentialAction\":[{\"@type\":\"SearchAction\",\"target\":{\"@type\":\"EntryPoint\",\"urlTemplate\":\"https:\/\/site.secullum.com.br\/blog\/?s={search_term_string}\"},\"query-input\":{\"@type\":\"PropertyValueSpecification\",\"valueRequired\":true,\"valueName\":\"search_term_string\"}}],\"inLanguage\":\"pt-BR\"},{\"@type\":\"Person\",\"@id\":\"https:\/\/site.secullum.com.br\/blog\/#\/schema\/person\/8325598a7d34f16b8e1a2ba20b9f6146\",\"name\":\"marketing@secullum.com.br\",\"image\":{\"@type\":\"ImageObject\",\"inLanguage\":\"pt-BR\",\"@id\":\"https:\/\/site.secullum.com.br\/blog\/#\/schema\/person\/image\/\",\"url\":\"https:\/\/secure.gravatar.com\/avatar\/0d7cef7112d641b8cd0c4890ee15a3f93e034728e626d6726e401b83c3f64378?s=96&d=mm&r=g\",\"contentUrl\":\"https:\/\/secure.gravatar.com\/avatar\/0d7cef7112d641b8cd0c4890ee15a3f93e034728e626d6726e401b83c3f64378?s=96&d=mm&r=g\",\"caption\":\"marketing@secullum.com.br\"},\"url\":\"https:\/\/site.secullum.com.br\/blog\/author\/marketingsecullum-com-br\/\"}]}<\/script>\n<!-- \/ Yoast SEO plugin. -->","yoast_head_json":{"title":"A import\u00e2ncia da diversidade geracional no ambiente corporativo - Blog Secullum","robots":{"index":"index","follow":"follow","max-snippet":"max-snippet:-1","max-image-preview":"max-image-preview:large","max-video-preview":"max-video-preview:-1"},"canonical":"https:\/\/site.secullum.com.br\/blog\/a-importancia-da-diversidade-geracional-no-ambiente-corporativo\/","og_locale":"pt_BR","og_type":"article","og_title":"A import\u00e2ncia da diversidade geracional no ambiente corporativo - Blog Secullum","og_description":"Ao caminhar pelas ruas, ir ao cinema, ao supermercado, ou fazendo qualquer atividade cotidiana, voc\u00ea com certeza j\u00e1 percebeu que os idosos est\u00e3o presentes em todos estes ambientes. Assim como na academia ou nas universidades, encontrar pessoas acima dos 60 anos dentro das corpora\u00e7\u00f5es, \u00e9 uma realidade atual e que traz muitos benef\u00edcios para a [&hellip;]","og_url":"https:\/\/site.secullum.com.br\/blog\/a-importancia-da-diversidade-geracional-no-ambiente-corporativo\/","og_site_name":"Blog Secullum","article_published_time":"2024-04-18T08:40:34-03:00","article_modified_time":"2024-05-21T10:17:25-03:00","og_image":[{"width":1080,"height":1080,"url":"https:\/\/site.secullum.com.br\/blog\/wp-content\/uploads\/2024\/04\/capa_geracoes.png","type":"image\/png"}],"author":"marketing@secullum.com.br","twitter_card":"summary_large_image","twitter_misc":{"Escrito por":"marketing@secullum.com.br","Est. tempo de leitura":"8 minutos"},"schema":{"@context":"https:\/\/schema.org","@graph":[{"@type":"WebPage","@id":"https:\/\/site.secullum.com.br\/blog\/a-importancia-da-diversidade-geracional-no-ambiente-corporativo\/","url":"https:\/\/site.secullum.com.br\/blog\/a-importancia-da-diversidade-geracional-no-ambiente-corporativo\/","name":"A import\u00e2ncia da diversidade geracional no ambiente corporativo - Blog Secullum","isPartOf":{"@id":"https:\/\/site.secullum.com.br\/blog\/#website"},"primaryImageOfPage":{"@id":"https:\/\/site.secullum.com.br\/blog\/a-importancia-da-diversidade-geracional-no-ambiente-corporativo\/#primaryimage"},"image":{"@id":"https:\/\/site.secullum.com.br\/blog\/a-importancia-da-diversidade-geracional-no-ambiente-corporativo\/#primaryimage"},"thumbnailUrl":"https:\/\/site.secullum.com.br\/blog\/wp-content\/uploads\/2024\/04\/capa_geracoes.png","datePublished":"2024-04-18T08:40:34-03:00","dateModified":"2024-05-21T10:17:25-03:00","author":{"@id":"https:\/\/site.secullum.com.br\/blog\/#\/schema\/person\/8325598a7d34f16b8e1a2ba20b9f6146"},"breadcrumb":{"@id":"https:\/\/site.secullum.com.br\/blog\/a-importancia-da-diversidade-geracional-no-ambiente-corporativo\/#breadcrumb"},"inLanguage":"pt-BR","potentialAction":[{"@type":"ReadAction","target":["https:\/\/site.secullum.com.br\/blog\/a-importancia-da-diversidade-geracional-no-ambiente-corporativo\/"]}]},{"@type":"ImageObject","inLanguage":"pt-BR","@id":"https:\/\/site.secullum.com.br\/blog\/a-importancia-da-diversidade-geracional-no-ambiente-corporativo\/#primaryimage","url":"https:\/\/site.secullum.com.br\/blog\/wp-content\/uploads\/2024\/04\/capa_geracoes.png","contentUrl":"https:\/\/site.secullum.com.br\/blog\/wp-content\/uploads\/2024\/04\/capa_geracoes.png","width":1080,"height":1080},{"@type":"BreadcrumbList","@id":"https:\/\/site.secullum.com.br\/blog\/a-importancia-da-diversidade-geracional-no-ambiente-corporativo\/#breadcrumb","itemListElement":[{"@type":"ListItem","position":1,"name":"In\u00edcio","item":"https:\/\/site.secullum.com.br\/blog\/"},{"@type":"ListItem","position":2,"name":"A import\u00e2ncia da diversidade geracional no ambiente corporativo"}]},{"@type":"WebSite","@id":"https:\/\/site.secullum.com.br\/blog\/#website","url":"https:\/\/site.secullum.com.br\/blog\/","name":"Blog Secullum","description":"","potentialAction":[{"@type":"SearchAction","target":{"@type":"EntryPoint","urlTemplate":"https:\/\/site.secullum.com.br\/blog\/?s={search_term_string}"},"query-input":{"@type":"PropertyValueSpecification","valueRequired":true,"valueName":"search_term_string"}}],"inLanguage":"pt-BR"},{"@type":"Person","@id":"https:\/\/site.secullum.com.br\/blog\/#\/schema\/person\/8325598a7d34f16b8e1a2ba20b9f6146","name":"marketing@secullum.com.br","image":{"@type":"ImageObject","inLanguage":"pt-BR","@id":"https:\/\/site.secullum.com.br\/blog\/#\/schema\/person\/image\/","url":"https:\/\/secure.gravatar.com\/avatar\/0d7cef7112d641b8cd0c4890ee15a3f93e034728e626d6726e401b83c3f64378?s=96&d=mm&r=g","contentUrl":"https:\/\/secure.gravatar.com\/avatar\/0d7cef7112d641b8cd0c4890ee15a3f93e034728e626d6726e401b83c3f64378?s=96&d=mm&r=g","caption":"marketing@secullum.com.br"},"url":"https:\/\/site.secullum.com.br\/blog\/author\/marketingsecullum-com-br\/"}]}},"_links":{"self":[{"href":"https:\/\/site.secullum.com.br\/blog\/wp-json\/wp\/v2\/posts\/10438","targetHints":{"allow":["GET"]}}],"collection":[{"href":"https:\/\/site.secullum.com.br\/blog\/wp-json\/wp\/v2\/posts"}],"about":[{"href":"https:\/\/site.secullum.com.br\/blog\/wp-json\/wp\/v2\/types\/post"}],"author":[{"embeddable":true,"href":"https:\/\/site.secullum.com.br\/blog\/wp-json\/wp\/v2\/users\/4"}],"replies":[{"embeddable":true,"href":"https:\/\/site.secullum.com.br\/blog\/wp-json\/wp\/v2\/comments?post=10438"}],"version-history":[{"count":1,"href":"https:\/\/site.secullum.com.br\/blog\/wp-json\/wp\/v2\/posts\/10438\/revisions"}],"predecessor-version":[{"id":10440,"href":"https:\/\/site.secullum.com.br\/blog\/wp-json\/wp\/v2\/posts\/10438\/revisions\/10440"}],"wp:featuredmedia":[{"embeddable":true,"href":"https:\/\/site.secullum.com.br\/blog\/wp-json\/wp\/v2\/media\/10439"}],"wp:attachment":[{"href":"https:\/\/site.secullum.com.br\/blog\/wp-json\/wp\/v2\/media?parent=10438"}],"wp:term":[{"taxonomy":"category","embeddable":true,"href":"https:\/\/site.secullum.com.br\/blog\/wp-json\/wp\/v2\/categories?post=10438"},{"taxonomy":"post_tag","embeddable":true,"href":"https:\/\/site.secullum.com.br\/blog\/wp-json\/wp\/v2\/tags?post=10438"}],"curies":[{"name":"wp","href":"https:\/\/api.w.org\/{rel}","templated":true}]}}